{"id":126,"date":"2019-02-24T19:25:59","date_gmt":"2019-02-24T18:25:59","guid":{"rendered":"https:\/\/www.mc-gladbach.de\/?p=126"},"modified":"2019-07-28T19:27:17","modified_gmt":"2019-07-28T17:27:17","slug":"bericht-jahreshauptversammlung-2019","status":"publish","type":"post","link":"https:\/\/www.mc-gladbach.de\/?p=126","title":{"rendered":"Bericht Jahreshauptversammlung 2019"},"content":{"rendered":"<div id=\"attachment_128\" style=\"width: 1001px\" class=\"wp-caption alignnone\"><img loading=\"lazy\" decoding=\"async\" aria-describedby=\"caption-attachment-128\" class=\"size-full wp-image-128\" src=\"https:\/\/www.mc-gladbach.de\/wp-content\/uploads\/2019\/07\/P10-1.jpg\" alt=\"\" width=\"991\" height=\"798\" \/><p id=\"caption-attachment-128\" class=\"wp-caption-text\">Das Foto zeigt von links: Bernd Hoffmann (1. Vors.), Michael Hoffmann, Waldemar Hoffmann, Andreas M\u00fcller, Manfred Daubach und Dirk Hoffmann<\/p><\/div>\n<p>Zur Jahreshauptversammlung am 01. Februar 2019 lud der M\u00e4nnerchor C\u00e4cilia Gladbach seine Mitglieder in die Gastst\u00e4tte \u201eZum Annemie\u201c ein.<!--more--><\/p>\n<p>Der 1. Vorsitzende Bernd Hoffmann bedankte sich bei den aktiven S\u00e4ngern f\u00fcr den guten Besuch der Proben sowie bei den Vorstandsmitgliedern f\u00fcr die Unterst\u00fctzung bei der Vereinsarbeit. Nach dem Gedenken f\u00fcr verstorbene Vereinsmitglieder wurde vom 1. Schriftf\u00fchrer Herbert Pies der Gesch\u00e4ftsbericht f\u00fcr das Jahr 2018 vorgetragen. Der 1. Kassierer Karl-Heinz Hardt verlas den Kassenbericht und Kassenpr\u00fcfer Karl-Heinz Maxein best\u00e4tigte die einwandfreie Kassenf\u00fchrung. Auf Antrag des Mitgliedes Karl-Heinz Maxein erfolgte die Entlastung des Vorstandes einstimmig.<\/p>\n<p>Unter der Wahlleitung von Karl-Heinz Maxein wurde der Vorstand neu gew\u00e4hlt. Wegen des anstehenden Jubil\u00e4ums im n\u00e4chsten Jahr wurde die Vorstandswahl f\u00fcr eine 2-j\u00e4hrige Laufzeit beschlossen.<\/p>\n<p>Ergebnis der Wahl:<\/p>\n<table>\n<tbody>\n<tr>\n<td>1. Vorsitzender:<\/td>\n<td>Bernd Hoffmann<\/td>\n<\/tr>\n<tr>\n<td>2. Vorsitzender:<\/td>\n<td>Franz-Rudolf Maxein<\/td>\n<\/tr>\n<tr>\n<td>1. Schriftf\u00fchrer:<\/td>\n<td>Herbert Pies<\/td>\n<\/tr>\n<tr>\n<td>2. Schriftf\u00fchrer:<\/td>\n<td>Simeon Maxein<\/td>\n<\/tr>\n<tr>\n<td>1. Kassierer:<\/td>\n<td>Karl-Heinz Hardt<\/td>\n<\/tr>\n<tr>\n<td>2. Kassierer:<\/td>\n<td>Reiner Hoffmann<\/td>\n<\/tr>\n<tr>\n<td>Notenwart:<\/td>\n<td>Stefan Lisak<\/td>\n<\/tr>\n<tr>\n<td>Vize-Chorleiter:<\/td>\n<td>Herbert Pies<\/td>\n<\/tr>\n<tr>\n<td>Beisitzer:<\/td>\n<td>Albert Andries und Dietmar Espenlaub<\/td>\n<\/tr>\n<tr>\n<td>Kassenpr\u00fcfer:<\/td>\n<td>Matthias Fausten und Erich Rams<\/td>\n<\/tr>\n<\/tbody>\n<\/table>\n<p>F\u00fcr 40-j\u00e4hrige Mitgliedschaft wurden geehrt: Michael Hoffmann, Dirk Hoffmann, Waldemar Hoffmann und Andreas M\u00fcller. Anschlie\u00dfend ehrte der Vorsitzende Manfred Daubach f\u00fcr 65 Jahre Vereinstreue.<\/p>\n<p>Die vorgesehenen Aktivit\u00e4ten f\u00fcr das Jahr 2019 und 2020 wurden angesprochen und diskutiert. Wichtige Termine sind das traditionelle Maifest an der Kirchbergh\u00fctte, das Jubil\u00e4um im Jahr 2020 (140 Jahre M\u00e4nnerchor C\u00e4cilia Gladbach) und die Teilnahme bei S\u00e4ngerfesten in der Region. Zum Abschluss sang der Chor zu Ehren der Jubilare zwei Lieder unter der Leitung von Vizechorleiter Herbert Pies.<\/p>\n<h2>Anh\u00e4nge<\/h2>\n<ul>\n<li><a href=\"https:\/\/www.mc-gladbach.de\/wp-content\/uploads\/2019\/07\/Gesch\u00e4ftsbericht-2018.pdf\">Gesch\u00e4ftsbericht 2018<\/a><\/li>\n<li><a href=\"https:\/\/www.mc-gladbach.de\/wp-content\/uploads\/2019\/07\/Protokoll-JHV-2019.pdf\">Protokoll JHV 2019<\/a><\/li>\n<\/ul>\n","protected":false},"excerpt":{"rendered":"<p>Zur Jahreshauptversammlung am 01. Februar 2019 lud der M\u00e4nnerchor C\u00e4cilia Gladbach seine Mitglieder in die Gastst\u00e4tte \u201eZum Annemie\u201c ein.<\/p>\n","protected":false},"author":1,"featured_media":0,"comment_status":"closed","ping_status":"closed","sticky":false,"template":"","format":"standard","meta":{"footnotes":""},"categories":[1],"tags":[],"class_list":["post-126","post","type-post","status-publish","format-standard","hentry","category-sonstiges"],"_links":{"self":[{"href":"https:\/\/www.mc-gladbach.de\/index.php?rest_route=\/wp\/v2\/posts\/126","targetHints":{"allow":["GET"]}}],"collection":[{"href":"https:\/\/www.mc-gladbach.de\/index.php?rest_route=\/wp\/v2\/posts"}],"about":[{"href":"https:\/\/www.mc-gladbach.de\/index.php?rest_route=\/wp\/v2\/types\/post"}],"author":[{"embeddable":true,"href":"https:\/\/www.mc-gladbach.de\/index.php?rest_route=\/wp\/v2\/users\/1"}],"replies":[{"embeddable":true,"href":"https:\/\/www.mc-gladbach.de\/index.php?rest_route=%2Fwp%2Fv2%2Fcomments&post=126"}],"version-history":[{"count":2,"href":"https:\/\/www.mc-gladbach.de\/index.php?rest_route=\/wp\/v2\/posts\/126\/revisions"}],"predecessor-version":[{"id":132,"href":"https:\/\/www.mc-gladbach.de\/index.php?rest_route=\/wp\/v2\/posts\/126\/revisions\/132"}],"wp:attachment":[{"href":"https:\/\/www.mc-gladbach.de\/index.php?rest_route=%2Fwp%2Fv2%2Fmedia&parent=126"}],"wp:term":[{"taxonomy":"category","embeddable":true,"href":"https:\/\/www.mc-gladbach.de\/index.php?rest_route=%2Fwp%2Fv2%2Fcategories&post=126"},{"taxonomy":"post_tag","embeddable":true,"href":"https:\/\/www.mc-gladbach.de\/index.php?rest_route=%2Fwp%2Fv2%2Ftags&post=126"}],"curies":[{"name":"wp","href":"https:\/\/api.w.org\/{rel}","templated":true}]}}