{"id":134,"date":"2019-08-21T21:33:32","date_gmt":"2019-08-21T19:33:32","guid":{"rendered":"https:\/\/www.mc-gladbach.de\/?p=134"},"modified":"2019-08-21T21:37:34","modified_gmt":"2019-08-21T19:37:34","slug":"eindruecke-vom-saffiger-parkfest","status":"publish","type":"post","link":"https:\/\/www.mc-gladbach.de\/?p=134","title":{"rendered":"Eindr\u00fccke vom Saffiger Parkfest"},"content":{"rendered":"<p><img loading=\"lazy\" decoding=\"async\" class=\"alignnone size-full wp-image-139\" src=\"https:\/\/www.mc-gladbach.de\/wp-content\/uploads\/2019\/08\/DSC_0027_edit2.jpg\" alt=\"\" width=\"1024\" height=\"444\" \/><\/p>\n<p>Am 11.8. waren wir zum Freundschaftssingen auf dem Saffiger Parkfest eingeladen. Neben klangvollem Gesang von insgesamt 17 Ch\u00f6ren wurden den Besuchern im angenehmen Gr\u00fcn des Parks nat\u00fcrlich auch Speisen und Getr\u00e4nke geboten.<br \/>\n<!--more--><\/p>\n\n\t\t<style type=\"text\/css\">\n\t\t\t#gallery-1 {\n\t\t\t\tmargin: auto;\n\t\t\t}\n\t\t\t#gallery-1 .gallery-item {\n\t\t\t\tfloat: left;\n\t\t\t\tmargin-top: 10px;\n\t\t\t\ttext-align: center;\n\t\t\t\twidth: 50%;\n\t\t\t}\n\t\t\t#gallery-1 img {\n\t\t\t\tborder: 2px solid #cfcfcf;\n\t\t\t}\n\t\t\t#gallery-1 .gallery-caption {\n\t\t\t\tmargin-left: 0;\n\t\t\t}\n\t\t\t\/* see gallery_shortcode() in wp-includes\/media.php *\/\n\t\t<\/style>\n\t\t<div id='gallery-1' class='gallery galleryid-134 gallery-columns-2 gallery-size-medium'><dl class='gallery-item'>\n\t\t\t<dt class='gallery-icon landscape'>\n\t\t\t\t<a href='https:\/\/www.mc-gladbach.de\/wp-content\/uploads\/2019\/08\/DSC_0001.jpg'><img loading=\"lazy\" decoding=\"async\" width=\"300\" height=\"200\" src=\"https:\/\/www.mc-gladbach.de\/wp-content\/uploads\/2019\/08\/DSC_0001.jpg\" class=\"attachment-medium size-medium\" alt=\"\" \/><\/a>\n\t\t\t<\/dt><\/dl><dl class='gallery-item'>\n\t\t\t<dt class='gallery-icon landscape'>\n\t\t\t\t<a href='https:\/\/www.mc-gladbach.de\/wp-content\/uploads\/2019\/08\/DSC_0015.jpg'><img loading=\"lazy\" decoding=\"async\" width=\"300\" height=\"200\" src=\"https:\/\/www.mc-gladbach.de\/wp-content\/uploads\/2019\/08\/DSC_0015.jpg\" class=\"attachment-medium size-medium\" alt=\"\" \/><\/a>\n\t\t\t<\/dt><\/dl><br style=\"clear: both\" \/><dl class='gallery-item'>\n\t\t\t<dt class='gallery-icon landscape'>\n\t\t\t\t<a href='https:\/\/www.mc-gladbach.de\/wp-content\/uploads\/2019\/08\/DSC_0019.jpg'><img loading=\"lazy\" decoding=\"async\" width=\"300\" height=\"200\" src=\"https:\/\/www.mc-gladbach.de\/wp-content\/uploads\/2019\/08\/DSC_0019.jpg\" class=\"attachment-medium size-medium\" alt=\"\" \/><\/a>\n\t\t\t<\/dt><\/dl><dl class='gallery-item'>\n\t\t\t<dt class='gallery-icon landscape'>\n\t\t\t\t<a href='https:\/\/www.mc-gladbach.de\/wp-content\/uploads\/2019\/08\/DSC_0021.jpg'><img loading=\"lazy\" decoding=\"async\" width=\"300\" height=\"200\" src=\"https:\/\/www.mc-gladbach.de\/wp-content\/uploads\/2019\/08\/DSC_0021.jpg\" class=\"attachment-medium size-medium\" alt=\"\" \/><\/a>\n\t\t\t<\/dt><\/dl><br style=\"clear: both\" \/><dl class='gallery-item'>\n\t\t\t<dt class='gallery-icon landscape'>\n\t\t\t\t<a href='https:\/\/www.mc-gladbach.de\/wp-content\/uploads\/2019\/08\/DSC_0027_edit2.jpg'><img loading=\"lazy\" decoding=\"async\" width=\"300\" height=\"130\" src=\"https:\/\/www.mc-gladbach.de\/wp-content\/uploads\/2019\/08\/DSC_0027_edit2.jpg\" class=\"attachment-medium size-medium\" alt=\"\" \/><\/a>\n\t\t\t<\/dt><\/dl><dl class='gallery-item'>\n\t\t\t<dt class='gallery-icon landscape'>\n\t\t\t\t<a href='https:\/\/www.mc-gladbach.de\/wp-content\/uploads\/2019\/08\/DSC_0029.jpg'><img loading=\"lazy\" decoding=\"async\" width=\"300\" height=\"259\" src=\"https:\/\/www.mc-gladbach.de\/wp-content\/uploads\/2019\/08\/DSC_0029.jpg\" class=\"attachment-medium size-medium\" alt=\"\" \/><\/a>\n\t\t\t<\/dt><\/dl><br style=\"clear: both\" \/><dl class='gallery-item'>\n\t\t\t<dt class='gallery-icon landscape'>\n\t\t\t\t<a href='https:\/\/www.mc-gladbach.de\/wp-content\/uploads\/2019\/08\/DSC_0036_edit.jpg'><img loading=\"lazy\" decoding=\"async\" width=\"300\" height=\"187\" src=\"https:\/\/www.mc-gladbach.de\/wp-content\/uploads\/2019\/08\/DSC_0036_edit.jpg\" class=\"attachment-medium size-medium\" alt=\"\" \/><\/a>\n\t\t\t<\/dt><\/dl><dl class='gallery-item'>\n\t\t\t<dt class='gallery-icon landscape'>\n\t\t\t\t<a href='https:\/\/www.mc-gladbach.de\/wp-content\/uploads\/2019\/08\/DSC_0037.jpg'><img loading=\"lazy\" decoding=\"async\" width=\"300\" height=\"200\" src=\"https:\/\/www.mc-gladbach.de\/wp-content\/uploads\/2019\/08\/DSC_0037.jpg\" class=\"attachment-medium size-medium\" alt=\"\" \/><\/a>\n\t\t\t<\/dt><\/dl><br style=\"clear: both\" \/>\n\t\t<\/div>\n\n","protected":false},"excerpt":{"rendered":"<p>Am 11.8. waren wir zum Freundschaftssingen auf dem Saffiger Parkfest eingeladen. Neben klangvollem Gesang von insgesamt 17 Ch\u00f6ren wurden den Besuchern im angenehmen Gr\u00fcn des Parks nat\u00fcrlich auch Speisen und Getr\u00e4nke geboten.<\/p>\n","protected":false},"author":1,"featured_media":0,"comment_status":"closed","ping_status":"closed","sticky":false,"template":"","format":"standard","meta":{"footnotes":""},"categories":[1],"tags":[],"class_list":["post-134","post","type-post","status-publish","format-standard","hentry","category-sonstiges"],"_links":{"self":[{"href":"https:\/\/www.mc-gladbach.de\/index.php?rest_route=\/wp\/v2\/posts\/134","targetHints":{"allow":["GET"]}}],"collection":[{"href":"https:\/\/www.mc-gladbach.de\/index.php?rest_route=\/wp\/v2\/posts"}],"about":[{"href":"https:\/\/www.mc-gladbach.de\/index.php?rest_route=\/wp\/v2\/types\/post"}],"author":[{"embeddable":true,"href":"https:\/\/www.mc-gladbach.de\/index.php?rest_route=\/wp\/v2\/users\/1"}],"replies":[{"embeddable":true,"href":"https:\/\/www.mc-gladbach.de\/index.php?rest_route=%2Fwp%2Fv2%2Fcomments&post=134"}],"version-history":[{"count":5,"href":"https:\/\/www.mc-gladbach.de\/index.php?rest_route=\/wp\/v2\/posts\/134\/revisions"}],"predecessor-version":[{"id":147,"href":"https:\/\/www.mc-gladbach.de\/index.php?rest_route=\/wp\/v2\/posts\/134\/revisions\/147"}],"wp:attachment":[{"href":"https:\/\/www.mc-gladbach.de\/index.php?rest_route=%2Fwp%2Fv2%2Fmedia&parent=134"}],"wp:term":[{"taxonomy":"category","embeddable":true,"href":"https:\/\/www.mc-gladbach.de\/index.php?rest_route=%2Fwp%2Fv2%2Fcategories&post=134"},{"taxonomy":"post_tag","embeddable":true,"href":"https:\/\/www.mc-gladbach.de\/index.php?rest_route=%2Fwp%2Fv2%2Ftags&post=134"}],"curies":[{"name":"wp","href":"https:\/\/api.w.org\/{rel}","templated":true}]}}