{"id":158,"date":"2024-01-28T18:28:06","date_gmt":"2024-01-28T17:28:06","guid":{"rendered":"https:\/\/www.mc-gladbach.de\/?p=158"},"modified":"2024-01-28T18:28:06","modified_gmt":"2024-01-28T17:28:06","slug":"freundschaftssingen-in-bassenheim","status":"publish","type":"post","link":"https:\/\/www.mc-gladbach.de\/?p=158","title":{"rendered":"Freundschaftssingen in Bassenheim"},"content":{"rendered":"\n<p><\/p>\n\n\n\n<figure class=\"wp-block-image size-full\"><a href=\"https:\/\/www.mc-gladbach.de\/wp-content\/uploads\/2024\/01\/header.jpg\"><img loading=\"lazy\" decoding=\"async\" width=\"3339\" height=\"1893\" src=\"https:\/\/www.mc-gladbach.de\/wp-content\/uploads\/2024\/01\/header.jpg\" alt=\"\" class=\"wp-image-159\"\/><\/a><\/figure>\n\n\n\n<p>Am Samstag, dem 28.10.2023 folgte die &#8222;C\u00e4cilia&#8220; der Einladung unserer Sangesbr\u00fcder vom M\u00e4nnerchor 1870 Bassenheim. Anlass war das Jubil\u00e4um zum &#8222;150 plus 3&#8220;-j\u00e4hrigen Bestehen des Vereins.<\/p>\n\n\n\n<!--more-->\n\n\n\n<p>Weil das 150-j\u00e4hrige Bestehen des Vereins 2020 leider nicht w\u00fcrdig gefeiert werden konnte, lud der M\u00e4nnerchor 1870 Bassenheim nun f\u00fcr 2023 zum Freundschaftssingen ein. Zahlreiche Ch\u00f6re folgten der Einladung in die gut gef\u00fcllte Karmelenberghalle und stellten ihr K\u00f6nnen unter Beweis.<\/p>\n\n\n\n<figure class=\"wp-block-image size-large\"><a href=\"https:\/\/www.mc-gladbach.de\/wp-content\/uploads\/2024\/01\/20231028_192738.jpg\"><img loading=\"lazy\" decoding=\"async\" width=\"3264\" height=\"2448\" src=\"https:\/\/www.mc-gladbach.de\/wp-content\/uploads\/2024\/01\/20231028_192738.jpg\" alt=\"\" class=\"wp-image-163\"\/><\/a><\/figure>\n\n\n\n<figure class=\"wp-block-image size-large\"><a href=\"https:\/\/www.mc-gladbach.de\/wp-content\/uploads\/2024\/01\/20231028_192824.jpg\"><img loading=\"lazy\" decoding=\"async\" width=\"4080\" height=\"3060\" src=\"https:\/\/www.mc-gladbach.de\/wp-content\/uploads\/2024\/01\/20231028_192824.jpg\" alt=\"\" class=\"wp-image-160\"\/><\/a><\/figure>\n\n\n\n<figure class=\"wp-block-image size-large\"><a href=\"https:\/\/www.mc-gladbach.de\/wp-content\/uploads\/2024\/01\/20231028_202017.jpg\"><img loading=\"lazy\" decoding=\"async\" width=\"4080\" height=\"3060\" src=\"https:\/\/www.mc-gladbach.de\/wp-content\/uploads\/2024\/01\/20231028_202017.jpg\" alt=\"\" class=\"wp-image-161\"\/><\/a><\/figure>\n\n\n\n<figure class=\"wp-block-image size-large\"><a href=\"https:\/\/www.mc-gladbach.de\/wp-content\/uploads\/2024\/01\/20231028_202038.jpg\"><img loading=\"lazy\" decoding=\"async\" width=\"4080\" height=\"3060\" src=\"https:\/\/www.mc-gladbach.de\/wp-content\/uploads\/2024\/01\/20231028_202038.jpg\" alt=\"\" class=\"wp-image-162\"\/><\/a><\/figure>\n\n\n\n<figure class=\"wp-block-image size-large\"><a href=\"https:\/\/www.mc-gladbach.de\/wp-content\/uploads\/2024\/01\/20231028_202056.jpg\"><img loading=\"lazy\" decoding=\"async\" width=\"4080\" height=\"3060\" src=\"https:\/\/www.mc-gladbach.de\/wp-content\/uploads\/2024\/01\/20231028_202056.jpg\" alt=\"\" class=\"wp-image-165\"\/><\/a><\/figure>\n\n\n\n<figure class=\"wp-block-image size-large\"><a href=\"https:\/\/www.mc-gladbach.de\/wp-content\/uploads\/2024\/01\/20231028_202228.jpg\"><img loading=\"lazy\" decoding=\"async\" width=\"4080\" height=\"3060\" src=\"https:\/\/www.mc-gladbach.de\/wp-content\/uploads\/2024\/01\/20231028_202228.jpg\" alt=\"\" class=\"wp-image-164\"\/><\/a><\/figure>\n\n\n\n<p><\/p>\n","protected":false},"excerpt":{"rendered":"<p>Am Samstag, dem 28.10.2023 folgte die &#8222;C\u00e4cilia&#8220; der Einladung unserer Sangesbr\u00fcder vom M\u00e4nnerchor 1870 Bassenheim. Anlass war das Jubil\u00e4um zum &#8222;150 plus 3&#8220;-j\u00e4hrigen Bestehen des Vereins.<\/p>\n","protected":false},"author":1,"featured_media":0,"comment_status":"closed","ping_status":"closed","sticky":false,"template":"","format":"standard","meta":{"footnotes":""},"categories":[1],"tags":[],"class_list":["post-158","post","type-post","status-publish","format-standard","hentry","category-sonstiges"],"_links":{"self":[{"href":"https:\/\/www.mc-gladbach.de\/index.php?rest_route=\/wp\/v2\/posts\/158","targetHints":{"allow":["GET"]}}],"collection":[{"href":"https:\/\/www.mc-gladbach.de\/index.php?rest_route=\/wp\/v2\/posts"}],"about":[{"href":"https:\/\/www.mc-gladbach.de\/index.php?rest_route=\/wp\/v2\/types\/post"}],"author":[{"embeddable":true,"href":"https:\/\/www.mc-gladbach.de\/index.php?rest_route=\/wp\/v2\/users\/1"}],"replies":[{"embeddable":true,"href":"https:\/\/www.mc-gladbach.de\/index.php?rest_route=%2Fwp%2Fv2%2Fcomments&post=158"}],"version-history":[{"count":5,"href":"https:\/\/www.mc-gladbach.de\/index.php?rest_route=\/wp\/v2\/posts\/158\/revisions"}],"predecessor-version":[{"id":170,"href":"https:\/\/www.mc-gladbach.de\/index.php?rest_route=\/wp\/v2\/posts\/158\/revisions\/170"}],"wp:attachment":[{"href":"https:\/\/www.mc-gladbach.de\/index.php?rest_route=%2Fwp%2Fv2%2Fmedia&parent=158"}],"wp:term":[{"taxonomy":"category","embeddable":true,"href":"https:\/\/www.mc-gladbach.de\/index.php?rest_route=%2Fwp%2Fv2%2Fcategories&post=158"},{"taxonomy":"post_tag","embeddable":true,"href":"https:\/\/www.mc-gladbach.de\/index.php?rest_route=%2Fwp%2Fv2%2Ftags&post=158"}],"curies":[{"name":"wp","href":"https:\/\/api.w.org\/{rel}","templated":true}]}}