{"id":210,"date":"2025-03-12T17:25:00","date_gmt":"2025-03-12T16:25:00","guid":{"rendered":"https:\/\/www.mc-gladbach.de\/?p=210"},"modified":"2026-01-09T17:47:39","modified_gmt":"2026-01-09T16:47:39","slug":"jahreshauptversammlung-2025","status":"publish","type":"post","link":"https:\/\/www.mc-gladbach.de\/?p=210","title":{"rendered":"Jahreshauptversammlung 2025"},"content":{"rendered":"\n<figure class=\"wp-block-image size-large\"><img loading=\"lazy\" decoding=\"async\" width=\"1024\" height=\"1024\" src=\"https:\/\/www.mc-gladbach.de\/wp-content\/uploads\/2026\/01\/JHV-2025-1024x1024.jpg\" alt=\"\" class=\"wp-image-211\" srcset=\"https:\/\/www.mc-gladbach.de\/wp-content\/uploads\/2026\/01\/JHV-2025-1024x1024.jpg 1024w, https:\/\/www.mc-gladbach.de\/wp-content\/uploads\/2026\/01\/JHV-2025-300x300.jpg 300w, https:\/\/www.mc-gladbach.de\/wp-content\/uploads\/2026\/01\/JHV-2025-150x150.jpg 150w, https:\/\/www.mc-gladbach.de\/wp-content\/uploads\/2026\/01\/JHV-2025-768x767.jpg 768w, https:\/\/www.mc-gladbach.de\/wp-content\/uploads\/2026\/01\/JHV-2025-1536x1536.jpg 1536w, https:\/\/www.mc-gladbach.de\/wp-content\/uploads\/2026\/01\/JHV-2025-2048x2048.jpg 2048w\" sizes=\"auto, (max-width: 1024px) 100vw, 1024px\" \/><figcaption class=\"wp-element-caption\">Das Foto zeigt von links: Reiner Hoffmann, Bernd Hoffmann (1. Vors.) und Helmut Fries<\/figcaption><\/figure>\n\n\n\n<p><\/p>\n\n\n\n<p>Zur Jahreshauptversammlung am 11. M\u00e4rz 2025, 19:30 Uhr, lud der M\u00e4nnerchor C\u00e4cilia Gladbach seine Mitglieder in das Pfarrheim Gladbach, An der Marienkirche, ein.<\/p>\n\n\n\n<!--more-->\n\n\n\n<p>Der 1. Vorsitzende Bernd Hoffmann begr\u00fc\u00dfte die Mitglieder und bedankte sich bei den aktiven S\u00e4ngern und den Vorstandsmitgliedern f\u00fcr die gute Unterst\u00fctzung bei den Vereinsarbeiten im abgelaufenen Gesch\u00e4ftsjahr.<\/p>\n\n\n\n<p>Nach dem Gedenken f\u00fcr verstorbene Vereinsmitglieder wurde vom 1. Schriftf\u00fchrer Herbert Pies das Protokoll der Jahreshauptversammlung 2024 und der Gesch\u00e4ftsbericht f\u00fcr das Jahr 2024 vorgetragen.<\/p>\n\n\n\n<p>Der 1. Kassierer Bernd Hoffmann verlas den Kassenbericht und Kassenpr\u00fcfer R\u00fcdiger Krauter best\u00e4tigte die einwandfreie Kassenf\u00fchrung.<\/p>\n\n\n\n<p>Die Entlastung des Vorstandes erfolgte einstimmig.<\/p>\n\n\n\n<p>Unter der Wahlleitung von Bernd Hoffmann wurde der Vorstand neu gew\u00e4hlt.<br>Ergebnis der Wahl<\/p>\n\n\n\n<table>\n    <tbody>\n        <tr>\n            <td>1. Vorsitzender:<\/td>\n            <td>Bernd Hoffmann<\/td>\n            <td><\/td>\n            <td><\/td>\n        <\/tr>\n        <tr>\n            <td>1. Schriftf\u00fchrer:<\/td>\n            <td>Herbert Pies<\/td>\n            <td>2. Schriftf\u00fchrer:<\/td>\n            <td>Simeon Maxein<\/td>\n        <\/tr>\n        <tr>\n            <td>1. Kassierer:<\/td>\n            <td>Bernd Hoffmann<\/td>\n            <td>2. Kassierer:<\/td>\n            <td>Reiner Hoffmann<\/td>\n        <\/tr>\n        <tr>\n            <td>Vize-Chorleiter:<\/td>\n            <td>Herbert Pies<\/td>\n            <td>Notenwart:<\/td>\n            <td>Simeon Maxein<\/td>\n        <\/tr>\n        <tr>\n            <td>Beisitzer:<\/td>\n            <td>Albert Andries<\/td>\n            <td><\/td>\n            <td><\/td>\n        <\/tr>\n    <\/tbody>\n<\/table>\n\n\n\n<p>Die Kassenpr\u00fcfer Matthias Fausten und R\u00fcdiger Krauter waren bereits f\u00fcr 2 Jahre gew\u00e4hlt<\/p>\n\n\n\n<p>Anschlie\u00dfend ehrte der Vorsitzende den Ehrenvorsitzenden Reiner Hoffmann f\u00fcr 60 Jahre Vereinstreue und als aktiver S\u00e4nger.<br>Helmut Fries wurde f\u00fcr die bisher unerreichte Vereinszugeh\u00f6rigkeit von 75 Jahren geehrt.<\/p>\n\n\n\n<p>Unter Punkt Verschiedenes wurden die vorgesehenen Aktivit\u00e4ten in 2025 angesprochen.<\/p>\n\n\n\n<p>Bernd Hoffmann dankte abschlie\u00dfend allen Anwesenden f\u00fcr ihr Kommen und schloss um<br>20:15 Uhr die Jahreshauptversammlung 2025.<\/p>\n","protected":false},"excerpt":{"rendered":"<p>Zur Jahreshauptversammlung am 11. M\u00e4rz 2025, 19:30 Uhr, lud der M\u00e4nnerchor C\u00e4cilia Gladbach seine Mitglieder in das Pfarrheim Gladbach, An der Marienkirche, ein.<\/p>\n","protected":false},"author":1,"featured_media":0,"comment_status":"closed","ping_status":"closed","sticky":false,"template":"","format":"standard","meta":{"footnotes":""},"categories":[1],"tags":[],"class_list":["post-210","post","type-post","status-publish","format-standard","hentry","category-sonstiges"],"_links":{"self":[{"href":"https:\/\/www.mc-gladbach.de\/index.php?rest_route=\/wp\/v2\/posts\/210","targetHints":{"allow":["GET"]}}],"collection":[{"href":"https:\/\/www.mc-gladbach.de\/index.php?rest_route=\/wp\/v2\/posts"}],"about":[{"href":"https:\/\/www.mc-gladbach.de\/index.php?rest_route=\/wp\/v2\/types\/post"}],"author":[{"embeddable":true,"href":"https:\/\/www.mc-gladbach.de\/index.php?rest_route=\/wp\/v2\/users\/1"}],"replies":[{"embeddable":true,"href":"https:\/\/www.mc-gladbach.de\/index.php?rest_route=%2Fwp%2Fv2%2Fcomments&post=210"}],"version-history":[{"count":7,"href":"https:\/\/www.mc-gladbach.de\/index.php?rest_route=\/wp\/v2\/posts\/210\/revisions"}],"predecessor-version":[{"id":218,"href":"https:\/\/www.mc-gladbach.de\/index.php?rest_route=\/wp\/v2\/posts\/210\/revisions\/218"}],"wp:attachment":[{"href":"https:\/\/www.mc-gladbach.de\/index.php?rest_route=%2Fwp%2Fv2%2Fmedia&parent=210"}],"wp:term":[{"taxonomy":"category","embeddable":true,"href":"https:\/\/www.mc-gladbach.de\/index.php?rest_route=%2Fwp%2Fv2%2Fcategories&post=210"},{"taxonomy":"post_tag","embeddable":true,"href":"https:\/\/www.mc-gladbach.de\/index.php?rest_route=%2Fwp%2Fv2%2Ftags&post=210"}],"curies":[{"name":"wp","href":"https:\/\/api.w.org\/{rel}","templated":true}]}}